{"id":1655,"date":"2021-03-26T19:21:48","date_gmt":"2021-03-26T18:21:48","guid":{"rendered":"http:\/\/sophrosportlille.fr\/?p=1655"},"modified":"2021-05-28T02:45:45","modified_gmt":"2021-05-28T00:45:45","slug":"sport-sur-ordonnance-elargissement-de-la-prise-en-charge","status":"publish","type":"post","link":"https:\/\/sophrosportlille.fr\/?p=1655","title":{"rendered":"Sport sur ordonnance, \u00e9largissement de la prise en charge !"},"content":{"rendered":"\n<p class=\"has-medium-font-size\"> Comment \u00e7a se passe ? Vous \u00eates concern\u00e9s par une Affection Longue Dur\u00e9e ou une maladie chronique ? <\/p>\n\n\n\n<p class=\"has-medium-font-size\">Rendez-vous chez votre m\u00e9decin traitant ou votre sp\u00e9cialiste avec le formulaire de prescription d&#8217;une APA (disponible ici : <a rel=\"noreferrer noopener\" href=\"https:\/\/sophrosportlille.fr\/?page_id=1637&amp;fbclid=IwAR2t4d1f8xZQZQLsAyTFQ8hYzhmmSYVIBdpiSPIpqNrzRGw83FTIXXSLSaw\" target=\"_blank\">https:\/\/sophrosportlille.fr\/?page_id=1637<\/a> ) <\/p>\n\n\n\n<p class=\"has-medium-font-size\">Puis prenez rendez-vous avec le professionnel en Activit\u00e9 Physique Adapt\u00e9e de votre choix pour r\u00e9aliser un Bilan de Condition Physique et d\u00e9terminer avec lui quelles activit\u00e9s sont faites pour vous ! <img loading=\"lazy\" decoding=\"async\" alt=\"\ud83d\ude00\" src=\"https:\/\/www.facebook.com\/images\/emoji.php\/v9\/tce\/1\/16\/1f600.png\" width=\"16\" height=\"16\"><\/p>\n\n\n\n<figure class=\"wp-block-image size-large\"><img loading=\"lazy\" decoding=\"async\" width=\"1024\" height=\"577\" src=\"http:\/\/sophrosportlille.fr\/wp-content\/uploads\/2021\/03\/Emeline-Regnier8-1024x577.png\" alt=\"\" class=\"wp-image-1656\" srcset=\"https:\/\/sophrosportlille.fr\/wp-content\/uploads\/2021\/03\/Emeline-Regnier8-1024x577.png 1024w, https:\/\/sophrosportlille.fr\/wp-content\/uploads\/2021\/03\/Emeline-Regnier8-300x169.png 300w, https:\/\/sophrosportlille.fr\/wp-content\/uploads\/2021\/03\/Emeline-Regnier8-768x433.png 768w, https:\/\/sophrosportlille.fr\/wp-content\/uploads\/2021\/03\/Emeline-Regnier8-1536x865.png 1536w, https:\/\/sophrosportlille.fr\/wp-content\/uploads\/2021\/03\/Emeline-Regnier8.png 1640w\" sizes=\"auto, (max-width: 1024px) 100vw, 1024px\" \/><figcaption>Maladie chronique et ALD (affection longue dur\u00e9e)<\/figcaption><\/figure>\n\n\n\n<p class=\"has-medium-font-size\">Les mutuelles prenant d\u00e9j\u00e0 en charge une partie des s\u00e9ances d&#8217;APA \u00e9largissent le remboursement aux personnes en ALD et MALADIE CHRONIQUE. D&#8217;autres mutuelles suivent le pas ! Cependant, pas encore de prise en charge de la part de l&#8217;Assurance Maladie.<\/p>\n\n\n\n<p class=\"has-medium-font-size\"><img loading=\"lazy\" decoding=\"async\" alt=\"\ud83d\udc49\" src=\"https:\/\/www.facebook.com\/images\/emoji.php\/v9\/t51\/1\/16\/1f449.png\" width=\"16\" height=\"16\"> En tant qu&#8217;Enseignante en APA &amp; adh\u00e9rente \u00e0 la Soci\u00e9t\u00e9 Fran\u00e7aise des Professionnels de l&#8217;Activit\u00e9 Physique Adapt\u00e9e, je peux vous recevoir au cabinet afin de r\u00e9aliser ce fameux BILAN DE CONDITION PHYSIQUE. <\/p>\n\n\n\n<p class=\"has-medium-font-size\">Ensuite, les s\u00e9ances INDIVIDUELLES peuvent \u00eatre mises en place au CABINET ou \u00e0 DOMICILE. <\/p>\n\n\n\n<p class=\"has-medium-font-size\">Les s\u00e9ances COLLECTIVES sont r\u00e9duites \u00e0 un nombre de 2 participants afin de garantir le respect des r\u00e8gles sanitaires !<\/p>\n\n\n\n<p class=\"has-medium-font-size\"> Alors, pr\u00eat(e) pour faire du bien \u00e0 votre sant\u00e9 en toute s\u00e9curit\u00e9 ?<img loading=\"lazy\" decoding=\"async\" alt=\"\ud83e\udd38\u200d\u2640\ufe0f\" src=\"https:\/\/www.facebook.com\/images\/emoji.php\/v9\/t24\/1\/16\/1f938_200d_2640.png\" width=\"16\" height=\"16\"><img loading=\"lazy\" decoding=\"async\" alt=\"\ud83e\udd39\u200d\u2642\ufe0f\" src=\"https:\/\/www.facebook.com\/images\/emoji.php\/v9\/t67\/1\/16\/1f939_200d_2642.png\" width=\"16\" height=\"16\"><img loading=\"lazy\" decoding=\"async\" alt=\"\ud83e\udd3d\u200d\u2640\ufe0f\" src=\"https:\/\/www.facebook.com\/images\/emoji.php\/v9\/t50\/1\/16\/1f93d_200d_2640.png\" width=\"16\" height=\"16\"><img loading=\"lazy\" decoding=\"async\" alt=\"\ud83e\uddd8\u200d\u2640\ufe0f\" src=\"https:\/\/www.facebook.com\/images\/emoji.php\/v9\/td3\/1\/16\/1f9d8_200d_2640.png\" width=\"16\" height=\"16\"><\/p>\n\n\n\n<p class=\"has-medium-font-size\"><img loading=\"lazy\" decoding=\"async\" alt=\"\ud83d\udcc6\" src=\"https:\/\/www.facebook.com\/images\/emoji.php\/v9\/tff\/1\/16\/1f4c6.png\" width=\"16\" height=\"16\"><img loading=\"lazy\" decoding=\"async\" alt=\"\ud83d\udccc\" src=\"https:\/\/www.facebook.com\/images\/emoji.php\/v9\/tac\/1\/16\/1f4cc.png\" width=\"16\" height=\"16\"> Prise de rendez-vous directement sur le site, dans l&#8217;ongle RESERVATION, ou par mail \u00e0 emeline@sophrosportlille.fr ou encore par t\u00e9l\u00e9phone au 07 49 41 89 65.<\/p>\n\n\n\n<p><\/p>\n","protected":false},"excerpt":{"rendered":"<p>Comment \u00e7a se passe ? Vous \u00eates concern\u00e9s par une Affection Longue Dur\u00e9e ou une maladie chronique ? Rendez-vous chez votre m\u00e9decin traitant ou votre sp\u00e9cialiste avec le formulaire de &#8230;<\/p>\n","protected":false},"author":1,"featured_media":1656,"comment_status":"open","ping_status":"open","sticky":false,"template":"","format":"standard","meta":{"footnotes":""},"categories":[18,31,17],"tags":[47,46,22,48,45,44,49],"class_list":["post-1655","post","type-post","status-publish","format-standard","has-post-thumbnail","hentry","category-activite-physique-adaptee","category-actualite","category-apa","tag-affection-longue-duree","tag-ald","tag-apa","tag-bilan-de-condition-physique","tag-maladie-chronique","tag-sport-sur-ordonnance","tag-suivi-therapeutique"],"_links":{"self":[{"href":"https:\/\/sophrosportlille.fr\/index.php?rest_route=\/wp\/v2\/posts\/1655","targetHints":{"allow":["GET"]}}],"collection":[{"href":"https:\/\/sophrosportlille.fr\/index.php?rest_route=\/wp\/v2\/posts"}],"about":[{"href":"https:\/\/sophrosportlille.fr\/index.php?rest_route=\/wp\/v2\/types\/post"}],"author":[{"embeddable":true,"href":"https:\/\/sophrosportlille.fr\/index.php?rest_route=\/wp\/v2\/users\/1"}],"replies":[{"embeddable":true,"href":"https:\/\/sophrosportlille.fr\/index.php?rest_route=%2Fwp%2Fv2%2Fcomments&post=1655"}],"version-history":[{"count":2,"href":"https:\/\/sophrosportlille.fr\/index.php?rest_route=\/wp\/v2\/posts\/1655\/revisions"}],"predecessor-version":[{"id":1689,"href":"https:\/\/sophrosportlille.fr\/index.php?rest_route=\/wp\/v2\/posts\/1655\/revisions\/1689"}],"wp:featuredmedia":[{"embeddable":true,"href":"https:\/\/sophrosportlille.fr\/index.php?rest_route=\/wp\/v2\/media\/1656"}],"wp:attachment":[{"href":"https:\/\/sophrosportlille.fr\/index.php?rest_route=%2Fwp%2Fv2%2Fmedia&parent=1655"}],"wp:term":[{"taxonomy":"category","embeddable":true,"href":"https:\/\/sophrosportlille.fr\/index.php?rest_route=%2Fwp%2Fv2%2Fcategories&post=1655"},{"taxonomy":"post_tag","embeddable":true,"href":"https:\/\/sophrosportlille.fr\/index.php?rest_route=%2Fwp%2Fv2%2Ftags&post=1655"}],"curies":[{"name":"wp","href":"https:\/\/api.w.org\/{rel}","templated":true}]}}